[{"@context":"https:\/\/schema.org\/","@type":"Article","@id":"https:\/\/www.vlds.cz\/maly-krok-ktery-prispiva-k-zachovani-zivotniho-prostredi\/#Article","mainEntityOfPage":"https:\/\/www.vlds.cz\/maly-krok-ktery-prispiva-k-zachovani-zivotniho-prostredi\/","headline":"Mal\u00fd krok, kter\u00fd p\u0159isp\u00edv\u00e1 k zachov\u00e1n\u00ed \u017eivotn\u00edho prost\u0159ed\u00ed","name":"Mal\u00fd krok, kter\u00fd p\u0159isp\u00edv\u00e1 k zachov\u00e1n\u00ed \u017eivotn\u00edho prost\u0159ed\u00ed","description":"Nakupujete t\u00e9m\u011b\u0159 ka\u017ed\u00fd den. Potraviny, oble\u010den\u00ed, drobn\u00e9 spot\u0159ebn\u00ed v\u011bci, elektroniku,&#8230; P\u0159em\u00fd\u0161lela jste n\u011bkdy o tom, kolik b\u011bhem m\u011bs\u00edce, ro\u010dn\u00edho obdob\u00ed nebo roku nakoup\u00edte igelitov\u00fdch ta\u0161ek? A kolik jich skon\u010d\u00ed v popelnici p\u0159ed Va\u0161\u00edm domem a n\u00e1sledn\u011b na skl\u00e1dce? Trv\u00e1 a\u017e [&hellip;]","datePublished":"2025-02-21","dateModified":"2025-02-21","author":{"@type":"Person","@id":"https:\/\/www.vlds.cz\/author\/#Person","name":"","url":"https:\/\/www.vlds.cz\/author\/","identifier":1,"image":{"@type":"ImageObject","@id":"https:\/\/secure.gravatar.com\/avatar\/4a857923b487546550539169ba61d16e7910c692fb61fb4681a6882b9bc918c0?s=96&d=mm&r=g","url":"https:\/\/secure.gravatar.com\/avatar\/4a857923b487546550539169ba61d16e7910c692fb61fb4681a6882b9bc918c0?s=96&d=mm&r=g","height":96,"width":96}},"publisher":{"@type":"Organization","name":"vlds.cz","logo":{"@type":"ImageObject","@id":"\/logo.png","url":"\/logo.png","width":600,"height":60}},"url":"https:\/\/www.vlds.cz\/maly-krok-ktery-prispiva-k-zachovani-zivotniho-prostredi\/","wordCount":174,"articleBody":" Nakupujete t\u00e9m\u011b\u0159 ka\u017ed\u00fd den. Potraviny, oble\u010den\u00ed, drobn\u00e9 spot\u0159ebn\u00ed v\u011bci, elektroniku,&#8230; P\u0159em\u00fd\u0161lela jste n\u011bkdy o tom, kolik b\u011bhem m\u011bs\u00edce, ro\u010dn\u00edho obdob\u00ed nebo roku nakoup\u00edte igelitov\u00fdch ta\u0161ek? A kolik jich skon\u010d\u00ed v popelnici p\u0159ed Va\u0161\u00edm domem a n\u00e1sledn\u011b na skl\u00e1dce? Trv\u00e1 a\u017e dvacet p\u011bt let, ne\u017e se takov\u00e1 igelitka rozlo\u017e\u00ed. \u0158ekn\u011bte \u201estop\u201c zne\u010di\u0161\u0165ov\u00e1n\u00ed \u017eivotn\u00edho prost\u0159ed\u00ed a za\u010dn\u011bte pou\u017e\u00edvat l\u00e1tkov\u00e9 ta\u0161ky!  Bu\u010fte na sebe p\u0159i n\u00e1kupu hrd\u00e1! P\u0159\u00edrodn\u00ed materi\u00e1l, origin\u00e1ln\u00ed vzhled, ekologick\u00fd p\u0159\u00ednos. Bu\u010fte py\u0161n\u00e1 na to, \u017ee n\u011bco d\u011bl\u00e1te pro \u0161et\u0159en\u00ed \u017eivotn\u00edho prost\u0159ed\u00ed! I takov\u00e1 drobnost jako to, \u017ee p\u0159estanete kupovat a pou\u017e\u00edvat igelitky, je pro zachov\u00e1n\u00ed \u017eivotn\u00edho prost\u0159ed\u00ed velk\u00e1 v\u011bc. Na\u0161t\u011bst\u00ed si to uv\u011bdomuje \u010d\u00edm d\u00e1l v\u00edce lid\u00ed. Myslete na budoucnost a bu\u010fte in!                                                                                                                                                                                                                                                                                                                                                                                        5\/5 - (1 vote)        "},{"@context":"https:\/\/schema.org\/","@type":"BreadcrumbList","itemListElement":[{"@type":"ListItem","position":1,"name":"Mal\u00fd krok, kter\u00fd p\u0159isp\u00edv\u00e1 k zachov\u00e1n\u00ed \u017eivotn\u00edho prost\u0159ed\u00ed","item":"https:\/\/www.vlds.cz\/maly-krok-ktery-prispiva-k-zachovani-zivotniho-prostredi\/#breadcrumbitem"}]}]